{"id":6671,"date":"2022-10-13T08:53:16","date_gmt":"2022-10-13T08:53:16","guid":{"rendered":"https:\/\/karminacollection.com\/nova-kolekcija-jesen-zima-2022-je-tu\/"},"modified":"2025-04-22T19:05:41","modified_gmt":"2025-04-22T19:05:41","slug":"nova-kolekcija-jesen-zima-2022-je-tu","status":"publish","type":"post","link":"https:\/\/karminacollection.com\/sl\/nova-kolekcija-jesen-zima-2022-je-tu\/","title":{"rendered":"Nova kolekcija jesen-zima 2022 je tu!"},"content":{"rendered":"<h4>Nova kolekcija jesen-zima 2022 je tu!<\/h4>\n<p style=\"text-align: left;\">Zdi se mi, da je trajalo celo ve\u010dnost, da so novi kosi jesensko-zimske kolekcije kon\u010dno tu! In moram re\u010di, da so bili vredni \u010dakanja! Od udobnih pletenih puloverjev do elegantnih jaken, v tej kolekciji se najde nekaj za vsakogar. Poglejte si katere kose boste to sezono dodale v svojo garderobo.<\/p>\n<h4>Nova kolekcija<\/h4>\n<p><img decoding=\"async\" class=\"size-medium wp-image-6391 alignleft\" src=\"https:\/\/karminacollection.com\/wp-content\/uploads\/2022\/09\/quilted-jacket3.webp\" alt=\"pre\u0161ita jakna karmina\" width=\"200\" height=\"300\" srcset=\"https:\/\/karminacollection.com\/wp-content\/uploads\/2022\/09\/quilted-jacket3.webp 1200w, https:\/\/karminacollection.com\/wp-content\/uploads\/2022\/09\/quilted-jacket3-600x900.webp 600w, https:\/\/karminacollection.com\/wp-content\/uploads\/2022\/09\/quilted-jacket3-900x1350.webp 900w\" sizes=\"(max-width: 200px) 100vw, 200px\" \/>Ta kolekcija je namenjena drznim simplifirianim kosom, s katerimi boste izstopale iz povpre\u010dja. Za vas sem oblikovala jakne in obleke ki so kot nala\u0161\u010d za hladnej\u0161e mesece. Seveda pa imamo tudi veliko izbiro maj\u010dk in puloverjev za popoln videz.<\/p>\n<p>Verjamemo, da vam bo nova kolekcija tako zelo v\u0161e\u010d, kot je nam. Zato si jo oglejte in za\u010dnite <a href=\"https:\/\/karminacollection.com\/en\/product-category\/new-autumn-winter-collection\/\">nakupovati!<\/a><\/p>\n<h4>Kaj ponujam v novi kolekciji?<\/h4>\n<p><img decoding=\"async\" class=\"size-medium wp-image-6393 alignleft\" src=\"https:\/\/karminacollection.com\/wp-content\/uploads\/2022\/09\/reversible-jacket-1-200x300.webp\" alt=\"pre\u0161ita jakna karmina\" width=\"200\" height=\"300\" srcset=\"https:\/\/karminacollection.com\/wp-content\/uploads\/2022\/09\/reversible-jacket-1-200x300.webp 200w, https:\/\/karminacollection.com\/wp-content\/uploads\/2022\/09\/reversible-jacket-1-600x900.webp 600w, https:\/\/karminacollection.com\/wp-content\/uploads\/2022\/09\/reversible-jacket-1-900x1350.webp 900w, https:\/\/karminacollection.com\/wp-content\/uploads\/2022\/09\/reversible-jacket-1-683x1024.webp 683w, https:\/\/karminacollection.com\/wp-content\/uploads\/2022\/09\/reversible-jacket-1-768x1152.webp 768w, https:\/\/karminacollection.com\/wp-content\/uploads\/2022\/09\/reversible-jacket-1-1024x1536.webp 1024w, https:\/\/karminacollection.com\/wp-content\/uploads\/2022\/09\/reversible-jacket-1.webp 1200w\" sizes=\"(max-width: 200px) 100vw, 200px\" \/>Kosi te sezone so povezani z udobnim plastenjem, brez\u010dasnim dizajnom in udobjem ter poslovno casual eleganco. Oglejte si na\u0161e najljub\u0161e kose iz nove kolekcije.<\/p>\n<p>Prva stvar, ki jo boste opazili pri novi kolekciji, je barvna paleta. To sezono sem izbrala bolj umirjen videz z veliko umazano bele,ope\u010dnate in mornarsko modre barve. Te barve so popolne za jesen in zimo in vam bodo pomagale ustvariti \u0161ik in prefinjen videz.<\/p>\n<p>Pri tkaninah sem uporabila materiale, ki so enostavni za vzdr\u017eevanje in jih ni treba likati. Tkanine in pletenine so izjemno udobne in prijetne na otip.<\/p>\n<p>Eden izmed mojih najljub\u0161ih kosov iz nove kolekcije je <a href=\"https:\/\/karminacollection.com\/sl\/izdelek\/presita-jakna-2-v-1\/\"><strong>Pre\u0161ita jakna 2 v 1<\/strong><\/a>, ki je narejena iz \u010dudovitega pre\u0161itega blaga in je obojestranska.<\/p>\n<h4>Kako nositi in kombinirati nove kose<\/h4>\n<p>Za vas sem sestavila nekaj na\u0161ih najljub\u0161ih stajlingov iz nove kolekcije. Oglejte si jih spodaj!<\/p>\n<p><a href=\"https:\/\/karminacollection.com\/en\/product-category\/new-autumn-winter-collection\/\"><img decoding=\"async\" class=\"alignnone wp-image-6542\" src=\"https:\/\/karminacollection.com\/wp-content\/uploads\/2022\/09\/Cream-Simple-Collage-Summer-Style-Ideas-Twitter-Post-300x169.png\" alt=\"stajlingi karmina\" width=\"792\" height=\"446\" srcset=\"https:\/\/karminacollection.com\/wp-content\/uploads\/2022\/09\/Cream-Simple-Collage-Summer-Style-Ideas-Twitter-Post-300x169.png 300w, https:\/\/karminacollection.com\/wp-content\/uploads\/2022\/09\/Cream-Simple-Collage-Summer-Style-Ideas-Twitter-Post-600x338.png 600w, https:\/\/karminacollection.com\/wp-content\/uploads\/2022\/09\/Cream-Simple-Collage-Summer-Style-Ideas-Twitter-Post-900x506.png 900w, https:\/\/karminacollection.com\/wp-content\/uploads\/2022\/09\/Cream-Simple-Collage-Summer-Style-Ideas-Twitter-Post-1024x576.png 1024w, https:\/\/karminacollection.com\/wp-content\/uploads\/2022\/09\/Cream-Simple-Collage-Summer-Style-Ideas-Twitter-Post-768x432.png 768w, https:\/\/karminacollection.com\/wp-content\/uploads\/2022\/09\/Cream-Simple-Collage-Summer-Style-Ideas-Twitter-Post-1536x864.png 1536w, https:\/\/karminacollection.com\/wp-content\/uploads\/2022\/09\/Cream-Simple-Collage-Summer-Style-Ideas-Twitter-Post.png 1600w\" sizes=\"(max-width: 792px) 100vw, 792px\" \/><\/a><\/p>\n","protected":false},"excerpt":{"rendered":"<p>Nova kolekcija jesen-zima 2022 je tu! Zdi se mi, da je trajalo celo ve\u010dnost, da so novi kosi jesensko-zimske kolekcije kon\u010dno tu! In moram re\u010di, da so bili vredni \u010dakanja! Od udobnih pletenih puloverjev do elegantnih jaken, v tej kolekciji se najde nekaj za vsakogar. Poglejte si katere kose boste [&hellip;]<\/p>\n","protected":false},"author":1,"featured_media":6785,"comment_status":"open","ping_status":"open","sticky":false,"template":"","format":"standard","meta":{"footnotes":""},"categories":[125,123],"tags":[],"class_list":["post-6671","post","type-post","status-publish","format-standard","has-post-thumbnail","hentry","category-modni-nasveti","category-novost"],"yoast_head":"<!-- This site is optimized with the Yoast SEO plugin v27.1.1 - https:\/\/yoast.com\/product\/yoast-seo-wordpress\/ -->\n<title>Nova kolekcija jesen-zima 2022 je tu! | Karmina<\/title>\n<meta name=\"description\" content=\"Nova kolekcija Karmina jesen-zima 2022 je tu! Odkrij pre\u0161ite jakne, pletenine in brez\u010dasne kose, ustvarjene za udobje in eleganco.\" \/>\n<meta name=\"robots\" content=\"index, follow, max-snippet:-1, max-image-preview:large, max-video-preview:-1\" \/>\n<link rel=\"canonical\" href=\"https:\/\/karminacollection.com\/sl\/nova-kolekcija-jesen-zima-2022-je-tu\/\" \/>\n<meta property=\"og:locale\" content=\"sl_SI\" \/>\n<meta property=\"og:type\" content=\"article\" \/>\n<meta property=\"og:title\" content=\"Nova kolekcija jesen-zima 2022 je tu! | Karmina\" \/>\n<meta property=\"og:description\" content=\"Nova kolekcija Karmina jesen-zima 2022 je tu! Odkrij pre\u0161ite jakne, pletenine in brez\u010dasne kose, ustvarjene za udobje in eleganco.\" \/>\n<meta property=\"og:url\" content=\"https:\/\/karminacollection.com\/sl\/nova-kolekcija-jesen-zima-2022-je-tu\/\" \/>\n<meta property=\"og:site_name\" content=\"Karmina\" \/>\n<meta property=\"article:published_time\" content=\"2022-10-13T08:53:16+00:00\" \/>\n<meta property=\"article:modified_time\" content=\"2025-04-22T19:05:41+00:00\" \/>\n<meta property=\"og:image\" content=\"https:\/\/karminacollection.com\/wp-content\/uploads\/2022\/09\/3.webp\" \/>\n\t<meta property=\"og:image:width\" content=\"1080\" \/>\n\t<meta property=\"og:image:height\" content=\"1080\" \/>\n\t<meta property=\"og:image:type\" content=\"image\/webp\" \/>\n<meta name=\"author\" content=\"adm_karmina\" \/>\n<meta name=\"twitter:label1\" content=\"Written by\" \/>\n\t<meta name=\"twitter:data1\" content=\"adm_karmina\" \/>\n\t<meta name=\"twitter:label2\" content=\"Est. reading time\" \/>\n\t<meta name=\"twitter:data2\" content=\"2 minuti\" \/>\n<script type=\"application\/ld+json\" class=\"yoast-schema-graph\">{\"@context\":\"https:\/\/schema.org\",\"@graph\":[{\"@type\":\"Article\",\"@id\":\"https:\/\/karminacollection.com\/sl\/nova-kolekcija-jesen-zima-2022-je-tu\/#article\",\"isPartOf\":{\"@id\":\"https:\/\/karminacollection.com\/sl\/nova-kolekcija-jesen-zima-2022-je-tu\/\"},\"author\":{\"name\":\"adm_karmina\",\"@id\":\"https:\/\/karminacollection.com\/sl\/#\/schema\/person\/3e0a3e6951979c903262ff9bd110595d\"},\"headline\":\"Nova kolekcija jesen-zima 2022 je tu!\",\"datePublished\":\"2022-10-13T08:53:16+00:00\",\"dateModified\":\"2025-04-22T19:05:41+00:00\",\"mainEntityOfPage\":{\"@id\":\"https:\/\/karminacollection.com\/sl\/nova-kolekcija-jesen-zima-2022-je-tu\/\"},\"wordCount\":280,\"commentCount\":0,\"publisher\":{\"@id\":\"https:\/\/karminacollection.com\/sl\/#\/schema\/person\/3e0a3e6951979c903262ff9bd110595d\"},\"image\":{\"@id\":\"https:\/\/karminacollection.com\/sl\/nova-kolekcija-jesen-zima-2022-je-tu\/#primaryimage\"},\"thumbnailUrl\":\"https:\/\/karminacollection.com\/wp-content\/uploads\/2022\/09\/3.webp\",\"articleSection\":[\"Modni nasveti\",\"Novost\"],\"inLanguage\":\"sl-SI\",\"potentialAction\":[{\"@type\":\"CommentAction\",\"name\":\"Comment\",\"target\":[\"https:\/\/karminacollection.com\/sl\/nova-kolekcija-jesen-zima-2022-je-tu\/#respond\"]}]},{\"@type\":\"WebPage\",\"@id\":\"https:\/\/karminacollection.com\/sl\/nova-kolekcija-jesen-zima-2022-je-tu\/\",\"url\":\"https:\/\/karminacollection.com\/sl\/nova-kolekcija-jesen-zima-2022-je-tu\/\",\"name\":\"Nova kolekcija jesen-zima 2022 je tu! | Karmina\",\"isPartOf\":{\"@id\":\"https:\/\/karminacollection.com\/sl\/#website\"},\"primaryImageOfPage\":{\"@id\":\"https:\/\/karminacollection.com\/sl\/nova-kolekcija-jesen-zima-2022-je-tu\/#primaryimage\"},\"image\":{\"@id\":\"https:\/\/karminacollection.com\/sl\/nova-kolekcija-jesen-zima-2022-je-tu\/#primaryimage\"},\"thumbnailUrl\":\"https:\/\/karminacollection.com\/wp-content\/uploads\/2022\/09\/3.webp\",\"datePublished\":\"2022-10-13T08:53:16+00:00\",\"dateModified\":\"2025-04-22T19:05:41+00:00\",\"description\":\"Nova kolekcija Karmina jesen-zima 2022 je tu! Odkrij pre\u0161ite jakne, pletenine in brez\u010dasne kose, ustvarjene za udobje in eleganco.\",\"breadcrumb\":{\"@id\":\"https:\/\/karminacollection.com\/sl\/nova-kolekcija-jesen-zima-2022-je-tu\/#breadcrumb\"},\"inLanguage\":\"sl-SI\",\"potentialAction\":[{\"@type\":\"ReadAction\",\"target\":[\"https:\/\/karminacollection.com\/sl\/nova-kolekcija-jesen-zima-2022-je-tu\/\"]}]},{\"@type\":\"ImageObject\",\"inLanguage\":\"sl-SI\",\"@id\":\"https:\/\/karminacollection.com\/sl\/nova-kolekcija-jesen-zima-2022-je-tu\/#primaryimage\",\"url\":\"https:\/\/karminacollection.com\/wp-content\/uploads\/2022\/09\/3.webp\",\"contentUrl\":\"https:\/\/karminacollection.com\/wp-content\/uploads\/2022\/09\/3.webp\",\"width\":1080,\"height\":1080,\"caption\":\"label karmina\"},{\"@type\":\"BreadcrumbList\",\"@id\":\"https:\/\/karminacollection.com\/sl\/nova-kolekcija-jesen-zima-2022-je-tu\/#breadcrumb\",\"itemListElement\":[{\"@type\":\"ListItem\",\"position\":1,\"name\":\"Home\",\"item\":\"https:\/\/karminacollection.com\/sl\/\"},{\"@type\":\"ListItem\",\"position\":2,\"name\":\"Nova kolekcija jesen-zima 2022 je tu!\"}]},{\"@type\":\"WebSite\",\"@id\":\"https:\/\/karminacollection.com\/sl\/#website\",\"url\":\"https:\/\/karminacollection.com\/sl\/\",\"name\":\"Karmina collection\",\"description\":\"Kapsulna obla\u010dila izdelana v Sloveniji.\",\"publisher\":{\"@id\":\"https:\/\/karminacollection.com\/sl\/#\/schema\/person\/3e0a3e6951979c903262ff9bd110595d\"},\"potentialAction\":[{\"@type\":\"SearchAction\",\"target\":{\"@type\":\"EntryPoint\",\"urlTemplate\":\"https:\/\/karminacollection.com\/sl\/?s={search_term_string}\"},\"query-input\":{\"@type\":\"PropertyValueSpecification\",\"valueRequired\":true,\"valueName\":\"search_term_string\"}}],\"inLanguage\":\"sl-SI\"},{\"@type\":[\"Person\",\"Organization\"],\"@id\":\"https:\/\/karminacollection.com\/sl\/#\/schema\/person\/3e0a3e6951979c903262ff9bd110595d\",\"name\":\"adm_karmina\",\"image\":{\"@type\":\"ImageObject\",\"inLanguage\":\"sl-SI\",\"@id\":\"https:\/\/karminacollection.com\/sl\/#\/schema\/person\/image\/\",\"url\":\"https:\/\/karminacollection.com\/wp-content\/uploads\/2024\/01\/cropped-logo-karmina2.png\",\"contentUrl\":\"https:\/\/karminacollection.com\/wp-content\/uploads\/2024\/01\/cropped-logo-karmina2.png\",\"width\":152,\"height\":80,\"caption\":\"adm_karmina\"},\"logo\":{\"@id\":\"https:\/\/karminacollection.com\/sl\/#\/schema\/person\/image\/\"},\"sameAs\":[\"https:\/\/karminacollection.com\"],\"url\":\"https:\/\/karminacollection.com\/sl\/author\/adm_karmina\/\"}]}<\/script>\n<!-- \/ Yoast SEO plugin. -->","yoast_head_json":{"title":"Nova kolekcija jesen-zima 2022 je tu! | Karmina","description":"Nova kolekcija Karmina jesen-zima 2022 je tu! Odkrij pre\u0161ite jakne, pletenine in brez\u010dasne kose, ustvarjene za udobje in eleganco.","robots":{"index":"index","follow":"follow","max-snippet":"max-snippet:-1","max-image-preview":"max-image-preview:large","max-video-preview":"max-video-preview:-1"},"canonical":"https:\/\/karminacollection.com\/sl\/nova-kolekcija-jesen-zima-2022-je-tu\/","og_locale":"sl_SI","og_type":"article","og_title":"Nova kolekcija jesen-zima 2022 je tu! | Karmina","og_description":"Nova kolekcija Karmina jesen-zima 2022 je tu! Odkrij pre\u0161ite jakne, pletenine in brez\u010dasne kose, ustvarjene za udobje in eleganco.","og_url":"https:\/\/karminacollection.com\/sl\/nova-kolekcija-jesen-zima-2022-je-tu\/","og_site_name":"Karmina","article_published_time":"2022-10-13T08:53:16+00:00","article_modified_time":"2025-04-22T19:05:41+00:00","og_image":[{"width":1080,"height":1080,"url":"https:\/\/karminacollection.com\/wp-content\/uploads\/2022\/09\/3.webp","type":"image\/webp"}],"author":"adm_karmina","twitter_misc":{"Written by":"adm_karmina","Est. reading time":"2 minuti"},"schema":{"@context":"https:\/\/schema.org","@graph":[{"@type":"Article","@id":"https:\/\/karminacollection.com\/sl\/nova-kolekcija-jesen-zima-2022-je-tu\/#article","isPartOf":{"@id":"https:\/\/karminacollection.com\/sl\/nova-kolekcija-jesen-zima-2022-je-tu\/"},"author":{"name":"adm_karmina","@id":"https:\/\/karminacollection.com\/sl\/#\/schema\/person\/3e0a3e6951979c903262ff9bd110595d"},"headline":"Nova kolekcija jesen-zima 2022 je tu!","datePublished":"2022-10-13T08:53:16+00:00","dateModified":"2025-04-22T19:05:41+00:00","mainEntityOfPage":{"@id":"https:\/\/karminacollection.com\/sl\/nova-kolekcija-jesen-zima-2022-je-tu\/"},"wordCount":280,"commentCount":0,"publisher":{"@id":"https:\/\/karminacollection.com\/sl\/#\/schema\/person\/3e0a3e6951979c903262ff9bd110595d"},"image":{"@id":"https:\/\/karminacollection.com\/sl\/nova-kolekcija-jesen-zima-2022-je-tu\/#primaryimage"},"thumbnailUrl":"https:\/\/karminacollection.com\/wp-content\/uploads\/2022\/09\/3.webp","articleSection":["Modni nasveti","Novost"],"inLanguage":"sl-SI","potentialAction":[{"@type":"CommentAction","name":"Comment","target":["https:\/\/karminacollection.com\/sl\/nova-kolekcija-jesen-zima-2022-je-tu\/#respond"]}]},{"@type":"WebPage","@id":"https:\/\/karminacollection.com\/sl\/nova-kolekcija-jesen-zima-2022-je-tu\/","url":"https:\/\/karminacollection.com\/sl\/nova-kolekcija-jesen-zima-2022-je-tu\/","name":"Nova kolekcija jesen-zima 2022 je tu! | Karmina","isPartOf":{"@id":"https:\/\/karminacollection.com\/sl\/#website"},"primaryImageOfPage":{"@id":"https:\/\/karminacollection.com\/sl\/nova-kolekcija-jesen-zima-2022-je-tu\/#primaryimage"},"image":{"@id":"https:\/\/karminacollection.com\/sl\/nova-kolekcija-jesen-zima-2022-je-tu\/#primaryimage"},"thumbnailUrl":"https:\/\/karminacollection.com\/wp-content\/uploads\/2022\/09\/3.webp","datePublished":"2022-10-13T08:53:16+00:00","dateModified":"2025-04-22T19:05:41+00:00","description":"Nova kolekcija Karmina jesen-zima 2022 je tu! Odkrij pre\u0161ite jakne, pletenine in brez\u010dasne kose, ustvarjene za udobje in eleganco.","breadcrumb":{"@id":"https:\/\/karminacollection.com\/sl\/nova-kolekcija-jesen-zima-2022-je-tu\/#breadcrumb"},"inLanguage":"sl-SI","potentialAction":[{"@type":"ReadAction","target":["https:\/\/karminacollection.com\/sl\/nova-kolekcija-jesen-zima-2022-je-tu\/"]}]},{"@type":"ImageObject","inLanguage":"sl-SI","@id":"https:\/\/karminacollection.com\/sl\/nova-kolekcija-jesen-zima-2022-je-tu\/#primaryimage","url":"https:\/\/karminacollection.com\/wp-content\/uploads\/2022\/09\/3.webp","contentUrl":"https:\/\/karminacollection.com\/wp-content\/uploads\/2022\/09\/3.webp","width":1080,"height":1080,"caption":"label karmina"},{"@type":"BreadcrumbList","@id":"https:\/\/karminacollection.com\/sl\/nova-kolekcija-jesen-zima-2022-je-tu\/#breadcrumb","itemListElement":[{"@type":"ListItem","position":1,"name":"Home","item":"https:\/\/karminacollection.com\/sl\/"},{"@type":"ListItem","position":2,"name":"Nova kolekcija jesen-zima 2022 je tu!"}]},{"@type":"WebSite","@id":"https:\/\/karminacollection.com\/sl\/#website","url":"https:\/\/karminacollection.com\/sl\/","name":"Karmina collection","description":"Kapsulna obla\u010dila izdelana v Sloveniji.","publisher":{"@id":"https:\/\/karminacollection.com\/sl\/#\/schema\/person\/3e0a3e6951979c903262ff9bd110595d"},"potentialAction":[{"@type":"SearchAction","target":{"@type":"EntryPoint","urlTemplate":"https:\/\/karminacollection.com\/sl\/?s={search_term_string}"},"query-input":{"@type":"PropertyValueSpecification","valueRequired":true,"valueName":"search_term_string"}}],"inLanguage":"sl-SI"},{"@type":["Person","Organization"],"@id":"https:\/\/karminacollection.com\/sl\/#\/schema\/person\/3e0a3e6951979c903262ff9bd110595d","name":"adm_karmina","image":{"@type":"ImageObject","inLanguage":"sl-SI","@id":"https:\/\/karminacollection.com\/sl\/#\/schema\/person\/image\/","url":"https:\/\/karminacollection.com\/wp-content\/uploads\/2024\/01\/cropped-logo-karmina2.png","contentUrl":"https:\/\/karminacollection.com\/wp-content\/uploads\/2024\/01\/cropped-logo-karmina2.png","width":152,"height":80,"caption":"adm_karmina"},"logo":{"@id":"https:\/\/karminacollection.com\/sl\/#\/schema\/person\/image\/"},"sameAs":["https:\/\/karminacollection.com"],"url":"https:\/\/karminacollection.com\/sl\/author\/adm_karmina\/"}]}},"_links":{"self":[{"href":"https:\/\/karminacollection.com\/sl\/wp-json\/wp\/v2\/posts\/6671","targetHints":{"allow":["GET"]}}],"collection":[{"href":"https:\/\/karminacollection.com\/sl\/wp-json\/wp\/v2\/posts"}],"about":[{"href":"https:\/\/karminacollection.com\/sl\/wp-json\/wp\/v2\/types\/post"}],"author":[{"embeddable":true,"href":"https:\/\/karminacollection.com\/sl\/wp-json\/wp\/v2\/users\/1"}],"replies":[{"embeddable":true,"href":"https:\/\/karminacollection.com\/sl\/wp-json\/wp\/v2\/comments?post=6671"}],"version-history":[{"count":1,"href":"https:\/\/karminacollection.com\/sl\/wp-json\/wp\/v2\/posts\/6671\/revisions"}],"predecessor-version":[{"id":15276,"href":"https:\/\/karminacollection.com\/sl\/wp-json\/wp\/v2\/posts\/6671\/revisions\/15276"}],"wp:featuredmedia":[{"embeddable":true,"href":"https:\/\/karminacollection.com\/sl\/wp-json\/wp\/v2\/media\/6785"}],"wp:attachment":[{"href":"https:\/\/karminacollection.com\/sl\/wp-json\/wp\/v2\/media?parent=6671"}],"wp:term":[{"taxonomy":"category","embeddable":true,"href":"https:\/\/karminacollection.com\/sl\/wp-json\/wp\/v2\/categories?post=6671"},{"taxonomy":"post_tag","embeddable":true,"href":"https:\/\/karminacollection.com\/sl\/wp-json\/wp\/v2\/tags?post=6671"}],"curies":[{"name":"wp","href":"https:\/\/api.w.org\/{rel}","templated":true}]}}